{"id":2435,"date":"2021-02-22T09:59:55","date_gmt":"2021-02-22T09:59:55","guid":{"rendered":"https:\/\/servicii-integrate.ro\/?p=2435"},"modified":"2023-04-06T07:24:41","modified_gmt":"2023-04-06T07:24:41","slug":"in-trei-localitati-din-tulcea-si-gorj-se-vor-deschide-centre-comunitare-de-servicii-integrate","status":"publish","type":"post","link":"https:\/\/servicii-integrate.ro\/en\/in-trei-localitati-din-tulcea-si-gorj-se-vor-deschide-centre-comunitare-de-servicii-integrate\/","title":{"rendered":"\u00cen trei localit\u0103\u0163i din Tulcea \u015fi Gorj se vor deschide centre comunitare de servicii integrate"},"content":{"rendered":"<div data-elementor-type=\"wp-post\" data-elementor-id=\"2435\" class=\"elementor elementor-2435\">\n\t\t\t\t\t\t\t\t\t<section class=\"elementor-section elementor-top-section elementor-element elementor-element-532f227 elementor-section-boxed elementor-section-height-default elementor-section-height-default\" data-id=\"532f227\" data-element_type=\"section\" data-settings=\"{&quot;jet_parallax_layout_list&quot;:[{&quot;jet_parallax_layout_image&quot;:{&quot;url&quot;:&quot;&quot;,&quot;id&quot;:&quot;&quot;,&quot;size&quot;:&quot;&quot;},&quot;_id&quot;:&quot;5a73d3c&quot;,&quot;jet_parallax_layout_image_tablet&quot;:{&quot;url&quot;:&quot;&quot;,&quot;id&quot;:&quot;&quot;,&quot;size&quot;:&quot;&quot;},&quot;jet_parallax_layout_image_mobile&quot;:{&quot;url&quot;:&quot;&quot;,&quot;id&quot;:&quot;&quot;,&quot;size&quot;:&quot;&quot;},&quot;jet_parallax_layout_speed&quot;:{&quot;unit&quot;:&quot;%&quot;,&quot;size&quot;:50,&quot;sizes&quot;:[]},&quot;jet_parallax_layout_type&quot;:&quot;scroll&quot;,&quot;jet_parallax_layout_direction&quot;:null,&quot;jet_parallax_layout_fx_direction&quot;:null,&quot;jet_parallax_layout_z_index&quot;:&quot;&quot;,&quot;jet_parallax_layout_bg_x&quot;:50,&quot;jet_parallax_layout_bg_x_tablet&quot;:&quot;&quot;,&quot;jet_parallax_layout_bg_x_mobile&quot;:&quot;&quot;,&quot;jet_parallax_layout_bg_y&quot;:50,&quot;jet_parallax_layout_bg_y_tablet&quot;:&quot;&quot;,&quot;jet_parallax_layout_bg_y_mobile&quot;:&quot;&quot;,&quot;jet_parallax_layout_bg_size&quot;:&quot;auto&quot;,&quot;jet_parallax_layout_bg_size_tablet&quot;:&quot;&quot;,&quot;jet_parallax_layout_bg_size_mobile&quot;:&quot;&quot;,&quot;jet_parallax_layout_animation_prop&quot;:&quot;transform&quot;,&quot;jet_parallax_layout_on&quot;:[&quot;desktop&quot;,&quot;tablet&quot;]}]}\">\n\t\t\t\t\t\t<div class=\"elementor-container elementor-column-gap-default\">\n\t\t\t\t\t<div class=\"elementor-column elementor-col-100 elementor-top-column elementor-element elementor-element-72ebcaf\" data-id=\"72ebcaf\" data-element_type=\"column\">\n\t\t\t<div class=\"elementor-widget-wrap elementor-element-populated\">\n\t\t\t\t\t\t\t\t<div class=\"elementor-element elementor-element-33a0803 elementor-widget elementor-widget-heading\" data-id=\"33a0803\" data-element_type=\"widget\" data-widget_type=\"heading.default\">\n\t\t\t\t<div class=\"elementor-widget-container\">\n\t\t\t<h1 class=\"elementor-heading-title elementor-size-large\"><b><span style=\"color: rgb(51, 51, 51); font-family: Flexo, sans-serif; font-size: 18.4px; white-space: normal;\">\u00cen trei localit\u0103\u0163i din Tulcea \u015fi Gorj se vor deschide centre comunitare de servicii integrate<\/span><\/b><\/h1>\t\t<\/div>\n\t\t\t\t<\/div>\n\t\t\t\t\t<\/div>\n\t\t<\/div>\n\t\t\t\t\t\t\t<\/div>\n\t\t<\/section>\n\t\t\t\t<section class=\"elementor-section elementor-top-section elementor-element elementor-element-6377cbb6 elementor-section-boxed elementor-section-height-default elementor-section-height-default\" data-id=\"6377cbb6\" data-element_type=\"section\" data-settings=\"{&quot;jet_parallax_layout_list&quot;:[{&quot;jet_parallax_layout_image&quot;:{&quot;url&quot;:&quot;&quot;,&quot;id&quot;:&quot;&quot;,&quot;size&quot;:&quot;&quot;},&quot;_id&quot;:&quot;bc6e758&quot;,&quot;jet_parallax_layout_image_tablet&quot;:{&quot;url&quot;:&quot;&quot;,&quot;id&quot;:&quot;&quot;,&quot;size&quot;:&quot;&quot;},&quot;jet_parallax_layout_image_mobile&quot;:{&quot;url&quot;:&quot;&quot;,&quot;id&quot;:&quot;&quot;,&quot;size&quot;:&quot;&quot;},&quot;jet_parallax_layout_speed&quot;:{&quot;unit&quot;:&quot;%&quot;,&quot;size&quot;:50,&quot;sizes&quot;:[]},&quot;jet_parallax_layout_type&quot;:&quot;scroll&quot;,&quot;jet_parallax_layout_direction&quot;:null,&quot;jet_parallax_layout_fx_direction&quot;:null,&quot;jet_parallax_layout_z_index&quot;:&quot;&quot;,&quot;jet_parallax_layout_bg_x&quot;:50,&quot;jet_parallax_layout_bg_x_tablet&quot;:&quot;&quot;,&quot;jet_parallax_layout_bg_x_mobile&quot;:&quot;&quot;,&quot;jet_parallax_layout_bg_y&quot;:50,&quot;jet_parallax_layout_bg_y_tablet&quot;:&quot;&quot;,&quot;jet_parallax_layout_bg_y_mobile&quot;:&quot;&quot;,&quot;jet_parallax_layout_bg_size&quot;:&quot;auto&quot;,&quot;jet_parallax_layout_bg_size_tablet&quot;:&quot;&quot;,&quot;jet_parallax_layout_bg_size_mobile&quot;:&quot;&quot;,&quot;jet_parallax_layout_animation_prop&quot;:&quot;transform&quot;,&quot;jet_parallax_layout_on&quot;:[&quot;desktop&quot;,&quot;tablet&quot;]}]}\">\n\t\t\t\t\t\t<div class=\"elementor-container elementor-column-gap-default\">\n\t\t\t\t\t<div class=\"elementor-column elementor-col-100 elementor-top-column elementor-element elementor-element-3a09c71f\" data-id=\"3a09c71f\" data-element_type=\"column\">\n\t\t\t<div class=\"elementor-widget-wrap elementor-element-populated\">\n\t\t\t\t\t\t\t\t<div class=\"elementor-element elementor-element-40ae2670 elementor-widget elementor-widget-text-editor\" data-id=\"40ae2670\" data-element_type=\"widget\" data-widget_type=\"text-editor.default\">\n\t\t\t\t<div class=\"elementor-widget-container\">\n\t\t\t\t\t\t\t<!-- wp:paragraph -->\n<p>\u00cen acest an, trei centre comunitare de servicii integrate se vor deschide \u00een dou\u0103 comune din jude\u0163ul Tulcea (Hamcearca \u015fi Ciucurova) \u015fi o comun\u0103 din jude\u0163ul Gorj (Polovragi).<\/p>\n<!-- \/wp:paragraph -->\n\n<!-- wp:paragraph -->\n<p>Centrul Romilor pentru Politici de Sanatate &#8211; SASTIPEN, \u00eempreun\u0103 cu Institutul pentru Politici Publice (IPP), Asocia\u0163ia ActiveWatch, Prim\u0103ria Comunei Polovragi (jude\u0163ul Gorj), Prim\u0103ria Comunei Hamcearca \u015fi Prim\u0103ria Comunei Ciucurova (jude\u0163ul Tulcea) au demarat proiectul &#8220;CCSI &#8211; Model de interven\u0163ie \u00een procesul de incluziune \u015fi abilitare a romilor&#8221;, un proiect din cadrul Programului de Dezvoltare Local\u0103 al c\u0103rui operator este Fondul Rom\u00e2n de Dezvoltare Social\u0103.<\/p>\n<!-- \/wp:paragraph -->\n\n<!-- wp:paragraph -->\n<p>Astfel, prin intermediul acestui proiect, p\u00e2n\u0103 \u00een noiembrie 2022, la nivelul celor trei localit\u0103\u0163i vor fi \u00eenfiin\u0163ate \u015fi vor deveni func\u0163ionale trei centre comunitare de servicii integrate care, la sf\u00e2r\u015fitul proiectului, vor fi preluate de autorit\u0103\u0163ile locale fiind astfel integrate \u00een facilit\u0103\u0163ile oferite locuitorilor din cele trei comune.<\/p>\n<!-- \/wp:paragraph -->\n\n<!-- wp:paragraph -->\n<p>\u00cen cadrul centrelor vor activa echipe comunitare formate din coordonatori ai centrelor comunitare de servicii integrate, medici, asisten\u0163i medicali comunitari, mediatori sanitari, exper\u0163i ocupare, mediatori \u015fcolari, facilitatori comunitari, exper\u0163i \u00een domeniul juridic care vor desf\u0103\u015fura activit\u0103\u0163ile la nivel local.<\/p>\n<!-- \/wp:paragraph -->\n\n<!-- wp:paragraph -->\n<p>Astfel, comunitatea va beneficia de servicii medicale primare (consulta\u0163ii primare, realizarea unor campanii de screening pentru factori de risc sau afec\u0163iuni cu frecven\u0163\u0103 mare de apari\u0163ie); urm\u0103rirea \u015fi \u00eenscrierea at\u00e2t a femeilor gravide, c\u00e2t \u015fi a nou &#8211; n\u0103scu\u0163ilor pe listele medicilor de familie; activit\u0103\u0163i de informare, consiliere \u015fi mediere pe pia\u0163a for\u0163ei de munc\u0103; asisten\u0163\u0103 juridic\u0103 pentru ob\u0163inerea actelor de identitate \u015fi pentru clarificarea situa\u0163iei locative; asisten\u0163\u0103 \u00een vederea stimul\u0103rii\/prevenirii abandonului \u015fcolar \u015fi cre\u015fterea accesului la educa\u0163ie.<\/p>\n<!-- \/wp:paragraph -->\n\n<!-- wp:paragraph -->\n<p>Inova\u0163ia pe care acest proiect const\u0103 \u00een sinergia dintre expertiza \u015fi resursele fiec\u0103rui partener, contribuind astfel la cre\u015fterea incluziunii sociale \u015fi abilit\u0103rii romilor, corelat\u0103 cu documentele strategice care urm\u0103resc promovarea unei dezvolt\u0103ri echilibrate \u015fi coeziunii sociale, at\u00e2t la nivel local, c\u00e2t \u015fi la nivel na\u0163ional. . Pe l\u00e2ng\u0103 activit\u0103\u0163ile direct legate de centrele comunitare de care vor beneficia cel pu\u0163in 900 de persoane, cele trei organiza\u0163ii neguvernamentale implicate \u00een proiect &#8211; Centrul Romilor pentru Politici de Sanatate &#8211; SASTIPEN, Institutul pentru Politici Publice (IPP) \u015fi ActiveWatch -, vor derula activit\u0103\u0163i de \u00eemputernicire a romilor pentru a participa activ la procesul de luare a deciziilor \u015fi activit\u0103\u0163i care promoveaz\u0103 dialogul intercultural \u015fi combaterea discrimin\u0103rii. Astfel, \u00een decursul urm\u0103torilor doi ani, 450 persoane de etnie rom\u0103 (adul\u0163i, tineri sau copii), \u00een special femei \u015fi tinere rome vor fi informate cu privire la drepturile lor \u015fi implicarea la via\u0163a comunit\u0103\u0163ii; 300 membri ai comunit\u0103\u0163ii apar\u0163in\u00e2nd popula\u0163iei majoritare, care locuiesc \u00een zonele de interven\u0163ie ale proiectului, inclusiv persoane \u00een situa\u0163ii de vulnerabilitate, de risc sau care se confrunt\u0103 cu diverse forme de excluziune socio-economic\u0103 vor participa \u00een activit\u0103\u0163i de combatere a discrimin\u0103rii \u015fi de promovare a dialogului intercultural;<\/p>\n<!-- \/wp:paragraph -->\n\n<!-- wp:paragraph -->\n<p>60 exper\u0163i \u015fi lideri romi vor fi implica\u0163i \u00een procesul de luare a deciziilor.<\/p>\n<!-- \/wp:paragraph -->\n\n<!-- wp:paragraph -->\n<p>Totodat\u0103, ne vom adresa \u015fi speciali\u015ftilor din cadrul autorit\u0103\u0163ilor publice locale, speciali\u015ftilor \u015fi voluntarilor din cadrul ONG-urilor, profesorilor \u015fi altor actori care joac\u0103 un rol cheie \u00een furnizarea de servicii acordate romilor. Ace\u015ftia vor beneficia de cursuri de formare \u015fi de un toolkit care \u00eei sus\u0163in\u0103 \u00een realizarea activit\u0103\u0163ilor.<\/p>\n<!-- \/wp:paragraph -->\n\n<!-- wp:paragraph -->\n<p>\u00cen afar\u0103 de interven\u0163ia complementar\u0103 a celor trei organiza\u0163ii neguvernamentale, un punct forte al acestui proiect este parteneriatul public-privat care permite crearea unor modele sustenabile de interven\u0163ie \u015fi incluziune. Astfel, colaborarea cu Prim\u0103ria Comunei Polovragi, Prim\u0103ria Comunei Hamcearca \u015fi Prim\u0103ria Comunei Ciucurova va asigura continuitatea acestui proiect \u015fi va face trecerea c\u0103tre integrarea acestui tip de interven\u0163ie \u00een via\u0163a de zi cu zi a comunelor.<\/p>\n<!-- \/wp:paragraph -->\n\n<!-- wp:paragraph -->\n<p>&#8220;<em>Acest proiect este recomandat de parteneriatul pe care a reu\u015fit s\u0103 \u00eel creeze. Pe l\u00e2ng\u0103 temele pe care \u00ee\u015fi propune s\u0103 le abordeze, consider c\u0103 parteneriatul acesta aduce valoare ad\u0103ugat\u0103 pentru c\u0103 este un parteneriat istoric, are un trecut si un viitor. Pe de o parte este un parteneriat care s-a exersat \u00een timp, un parteneriat care are experien\u0163\u0103 \u00een fondurile SEE. Pe de alt\u0103 parte, este un parteneriat de tip nou, \u00een care ONGurile adun\u0103 laolalt\u0103 autorit\u0103\u0163i locale care \u00ee\u015fi asum\u0103 sustenabilitatea. Acest proiect are un poten\u0163ial mare de a deveni un exemplu de bun\u0103 practic\u0103<\/em>&#8221; a declarat Mihaela Peter, director executiv, Fondul Rom\u00e2n de Dezvoltare Social\u0103.<\/p>\n<!-- \/wp:paragraph -->\t\t\t\t\t\t<\/div>\n\t\t\t\t<\/div>\n\t\t\t\t\t<\/div>\n\t\t<\/div>\n\t\t\t\t\t\t\t<\/div>\n\t\t<\/section>\n\t\t\t\t\t\t\t<\/div>","protected":false},"excerpt":{"rendered":"<p>\u00cen trei localit\u0103\u0163i din Tulcea \u015fi Gorj se vor deschide centre comunitare de servicii integrate \u00cen acest an, trei centre comunitare de servicii integrate se vor deschide \u00een dou\u0103 comune din jude\u0163ul Tulcea (Hamcearca \u015fi Ciucurova) \u015fi o comun\u0103 din jude\u0163ul Gorj (Polovragi). Centrul Romilor pentru Politici de Sanatate &#8211; SASTIPEN, \u00eempreun\u0103 cu Institutul pentru [&hellip;]<\/p>","protected":false},"author":1,"featured_media":1177,"comment_status":"closed","ping_status":"closed","sticky":false,"template":"","format":"standard","meta":{"_acf_changed":false,"footnotes":""},"categories":[58],"tags":[],"class_list":["post-2435","post","type-post","status-publish","format-standard","has-post-thumbnail","hentry","category-comunicate"],"acf":[],"_links":{"self":[{"href":"https:\/\/servicii-integrate.ro\/en\/wp-json\/wp\/v2\/posts\/2435","targetHints":{"allow":["GET"]}}],"collection":[{"href":"https:\/\/servicii-integrate.ro\/en\/wp-json\/wp\/v2\/posts"}],"about":[{"href":"https:\/\/servicii-integrate.ro\/en\/wp-json\/wp\/v2\/types\/post"}],"author":[{"embeddable":true,"href":"https:\/\/servicii-integrate.ro\/en\/wp-json\/wp\/v2\/users\/1"}],"replies":[{"embeddable":true,"href":"https:\/\/servicii-integrate.ro\/en\/wp-json\/wp\/v2\/comments?post=2435"}],"version-history":[{"count":8,"href":"https:\/\/servicii-integrate.ro\/en\/wp-json\/wp\/v2\/posts\/2435\/revisions"}],"predecessor-version":[{"id":2443,"href":"https:\/\/servicii-integrate.ro\/en\/wp-json\/wp\/v2\/posts\/2435\/revisions\/2443"}],"wp:featuredmedia":[{"embeddable":true,"href":"https:\/\/servicii-integrate.ro\/en\/wp-json\/wp\/v2\/media\/1177"}],"wp:attachment":[{"href":"https:\/\/servicii-integrate.ro\/en\/wp-json\/wp\/v2\/media?parent=2435"}],"wp:term":[{"taxonomy":"category","embeddable":true,"href":"https:\/\/servicii-integrate.ro\/en\/wp-json\/wp\/v2\/categories?post=2435"},{"taxonomy":"post_tag","embeddable":true,"href":"https:\/\/servicii-integrate.ro\/en\/wp-json\/wp\/v2\/tags?post=2435"}],"curies":[{"name":"wp","href":"https:\/\/api.w.org\/{rel}","templated":true}]}}