{"id":2368,"date":"2021-06-15T09:07:18","date_gmt":"2021-06-15T09:07:18","guid":{"rendered":"https:\/\/servicii-integrate.ro\/?p=2368"},"modified":"2023-04-06T07:24:19","modified_gmt":"2023-04-06T07:24:19","slug":"centrele-din-hamcearca-si-ciucurova-si-au-deschis-portile","status":"publish","type":"post","link":"https:\/\/servicii-integrate.ro\/en\/centrele-din-hamcearca-si-ciucurova-si-au-deschis-portile\/","title":{"rendered":"Centrele din Hamcearca \u0219i Ciucurova \u0219i-au deschis por\u021bile"},"content":{"rendered":"<h2>Centrele din Hamcearca \u0219i Poloveagi \u0219i-au deschis por\u021bile<\/h2>\n<p style=\"margin: 0in 0in 0.0001pt; font-size: 12pt; font-family: Calibri, sans-serif; color: #000000; text-align: justify;\"><b>\u00cen data de 10 iunie s-au lansat \u00een jude\u021bul Tulcea dou\u0103 centre comunitare &#8211; Centrul Comunitar de Servicii Integrate Ciucurova \u0219i Centrul Comunitar de Servicii Integrate Hamcearca<\/b><i>, <\/i>deschise \u00een cadrul proiectului \u201cCCSI \u2013 Model de interven\u021bie \u00een procesul de incluziune \u0219i abilitare a romilor&#8221; (<a style=\"color: #0563c1; text-decoration-line: underline;\" href=\"https:\/\/servicii-integrate.ro\/en\/\">www.servicii-integrate.ro<\/a>), un proiect derulat de Centrul Romilor pentru Politici de S\u0103n\u0103tate \u2013 SASTIPEN, \u00eempreun\u0103 cu Institutul pentru Politici Publice (IPP), ActiveWatch, Prim\u0103ria Comunei Hamcearca \u0219i Prim\u0103ria Comunei Ciucurova (jude\u021bul Tulcea) \u0219i Prim\u0103ria Comunei Polovragi (jude\u021bul Gorj).<\/p>\n<p style=\"margin: 0in 0in 0.0001pt; font-size: 12pt; font-family: Calibri, sans-serif; color: #000000; text-align: justify;\">\n<p style=\"margin: 0in 0in 0.0001pt; font-size: 12pt; font-family: Calibri, sans-serif; color: #000000; text-align: justify;\">\u00cen cadrul centrelor, membrii comunit\u0103\u021bii vor beneficia de:<\/p>\n<ul style=\"margin-bottom: 0in; color: #000000; font-size: medium; margin-top: 0in;\" type=\"disc\">\n<li style=\"margin: 0in 0in 0.0001pt; font-size: 12pt; font-family: Calibri, sans-serif; text-align: justify;\">Primary medical services (primary consultations, screening campaigns for risk factors or diseases with a high frequency of occurrence)<\/li>\n<li style=\"margin: 0in 0in 0.0001pt; font-size: 12pt; font-family: Calibri, sans-serif; text-align: justify;\">Tracking and enrolling both pregnant women and newborns on family doctor lists<\/li>\n<li style=\"margin: 0in 0in 0.0001pt; font-size: 12pt; font-family: Calibri, sans-serif; text-align: justify;\">Information, counseling and mediation activities on the labor market<\/li>\n<li style=\"margin: 0in 0in 0.0001pt; font-size: 12pt; font-family: Calibri, sans-serif; text-align: justify;\">Legal assistance for obtaining identity documents and for clarifying the housing situation<\/li>\n<li style=\"margin: 0in 0in 0.0001pt; font-size: 12pt; font-family: Calibri, sans-serif; text-align: justify;\">Assistance to stimulate \/ prevent early school leaving and increase access to education<\/li>\n<\/ul>\n<p style=\"margin: 0in 0in 0.0001pt; font-size: 12pt; font-family: Calibri, sans-serif; color: #000000; text-align: justify;\">\n<p style=\"margin: 0in 0in 0.0001pt; font-size: 12pt; font-family: Calibri, sans-serif; color: #000000; text-align: justify;\">&#8220;Un punct forte este c\u0103 s-a pornit \u00een acest proiect cu dou\u0103 domenii foarte importante: educa\u021bia \u0219i serviciile medicale. Sunt convins\u0103 c\u0103 cei din comunitate vor apela cu \u00eencredere la serviciile oferite de mediatorii \u0219colari \u0219i mediatorii sanitari din centrul comunitar&#8221; a declarat doamna Subprefect Carmen Caloianu \u00een cadrul evenimentului de lansare a Centrului Comunitar de Servicii Integrate Hamcearca.<\/p>\n<p style=\"margin: 0in 0in 0.0001pt; font-size: 12pt; font-family: Calibri, sans-serif; color: #000000; text-align: justify;\">\n<p style=\"margin: 0in 0in 0.0001pt; font-size: 12pt; font-family: Calibri, sans-serif; color: #000000; text-align: justify;\">Obiectivul&nbsp;general al proiectului&nbsp; \u201cCCSI \u2013 Model de interven\u021bie \u00een procesul de incluziune \u0219i abilitare a romilor&#8221; \u00een cadrul c\u0103ruia au devenit func\u021bionale trei centre comunitare de servicii integrate este&nbsp;reducerea disparit\u0103\u021bilor economice&nbsp;\u0219i sociale&nbsp;\u00een&nbsp;r\u00e2ndul&nbsp;popula\u021biei&nbsp;de etnie roma<b><i>&nbsp;<\/i><\/b>din localit\u0103\u021bile vizate&nbsp;\u00een proiect &#8211; Ciucurova (Tulcea), Hamcearca (Tulcea) \u0219i Polovragi (Gorj) &#8211; prin implicarea societ\u0103\u021bii civile&nbsp;\u0219i a autorit\u0103\u021bilor locale&nbsp;\u0219i regionale, astfel contribuind activ la cre\u0219terea incluziunii&nbsp;\u0219i abilit\u0103rii romilor&nbsp;\u00een conformitate cu principiile comune privind incluziunea romilor&nbsp;\u0219i&nbsp;cre\u0219terea&nbsp;coeziunii economice&nbsp;\u0219i sociale la nivel local.<\/p>\n<p style=\"margin: 0in 0in 0.0001pt; font-size: 12pt; font-family: Calibri, sans-serif; color: #000000; text-align: justify;\">\n<p style=\"margin: 0in 0in 0.0001pt; font-size: 12pt; font-family: Calibri, sans-serif; color: #000000; text-align: justify;\">The innovation of this project is the synergy between the expertise and resources of each partner, thus contributing to increasing social inclusion and empowerment of Roma, correlated with strategic documents aimed at promoting balanced development and social cohesion, both locally and nationally.<\/p>\n<p style=\"margin: 0in 0in 0.0001pt; font-size: 12pt; font-family: Calibri, sans-serif; color: #000000; text-align: justify;\">\n<p style=\"margin: 0in 0in 0.0001pt; font-size: 12pt; font-family: Calibri, sans-serif; color: #000000; text-align: justify;\">&#8220;<i>Aici, parteneri suntem cu to\u021bii &#8211; cet\u0103\u021beni, angaja\u021bi de la Prim\u0103rie \u0219i organiza\u0219iile neguvernamentale care promoveaz\u0103 acest proiect<\/i>&#8221; a declarat dl. Gheorghe Epure, primarul comunei Polovragi, pun\u00e2nd accentul pe punct forte al acestui proiect &#8211; parteneriatul. At\u00e2t \u00eentre comunitate \u0219i cei care ofer\u0103 servicii, c\u00e2t \u0219i parteneriatul public-privat care permite crearea unor modele sustenabile de interven\u021bie \u0219i incluziune. Astfel, colaborarea cu Prim\u0103ria Comunei Polovragi, Prim\u0103ria Comunei Hamcearca \u0219i Prim\u0103ria Comunei Ciucurova va asigura continuitatea acestui proiect \u0219i va face trecerea c\u0103tre integrarea acestui tip de interven\u021bie \u00een via\u021ba de zi cu zi a comunelor.\u202f&nbsp;<\/p>\n<p style=\"margin: 0in 0in 0.0001pt; font-size: 12pt; font-family: Calibri, sans-serif; color: #000000; text-align: justify;\">\n<p style=\"margin: 0in 0in 0.0001pt; font-size: 12pt; font-family: Calibri, sans-serif; color: #000000; text-align: justify;\">Proiectul beneficiaz\u0103 de un grant \u00een valoare de 793.557 euro oferit de Islanda, Liechtenstein \u0219i Norvegia prin Granturile SEE \u00een cadrul Programului de Dezvoltare Local\u0103, iar perioada de implementare este de 24 luni.&nbsp;&nbsp;<\/p>","protected":false},"excerpt":{"rendered":"<p>\u00cen data de 10 iunie s-au lansat Centrul Comunitar de Servicii Integrate Ciucurova \u0219i Centrul Comunitar de Servicii Integrate Hamcearca<\/p>","protected":false},"author":1,"featured_media":2369,"comment_status":"closed","ping_status":"closed","sticky":false,"template":"","format":"standard","meta":{"_acf_changed":false,"footnotes":""},"categories":[58],"tags":[],"class_list":["post-2368","post","type-post","status-publish","format-standard","has-post-thumbnail","hentry","category-comunicate"],"acf":[],"_links":{"self":[{"href":"https:\/\/servicii-integrate.ro\/en\/wp-json\/wp\/v2\/posts\/2368","targetHints":{"allow":["GET"]}}],"collection":[{"href":"https:\/\/servicii-integrate.ro\/en\/wp-json\/wp\/v2\/posts"}],"about":[{"href":"https:\/\/servicii-integrate.ro\/en\/wp-json\/wp\/v2\/types\/post"}],"author":[{"embeddable":true,"href":"https:\/\/servicii-integrate.ro\/en\/wp-json\/wp\/v2\/users\/1"}],"replies":[{"embeddable":true,"href":"https:\/\/servicii-integrate.ro\/en\/wp-json\/wp\/v2\/comments?post=2368"}],"version-history":[{"count":4,"href":"https:\/\/servicii-integrate.ro\/en\/wp-json\/wp\/v2\/posts\/2368\/revisions"}],"predecessor-version":[{"id":3902,"href":"https:\/\/servicii-integrate.ro\/en\/wp-json\/wp\/v2\/posts\/2368\/revisions\/3902"}],"wp:featuredmedia":[{"embeddable":true,"href":"https:\/\/servicii-integrate.ro\/en\/wp-json\/wp\/v2\/media\/2369"}],"wp:attachment":[{"href":"https:\/\/servicii-integrate.ro\/en\/wp-json\/wp\/v2\/media?parent=2368"}],"wp:term":[{"taxonomy":"category","embeddable":true,"href":"https:\/\/servicii-integrate.ro\/en\/wp-json\/wp\/v2\/categories?post=2368"},{"taxonomy":"post_tag","embeddable":true,"href":"https:\/\/servicii-integrate.ro\/en\/wp-json\/wp\/v2\/tags?post=2368"}],"curies":[{"name":"wp","href":"https:\/\/api.w.org\/{rel}","templated":true}]}}