{"id":2358,"date":"2021-06-08T14:36:42","date_gmt":"2021-06-08T14:36:42","guid":{"rendered":"https:\/\/servicii-integrate.ro\/?p=2358"},"modified":"2021-06-08T14:45:26","modified_gmt":"2021-06-08T14:45:26","slug":"elementor-2358","status":"publish","type":"post","link":"https:\/\/servicii-integrate.ro\/en\/elementor-2358\/","title":{"rendered":"S-a lansat Centrul Comunitar de Servicii Integrate Polovragi"},"content":{"rendered":"<h2>S-a lansat Centrul Comunitar de Servicii Integrate Polovragi<\/h2>\n<p>\u00cen data de 8 iunie s-a lansat Centrul Comunitar de Servicii Integrate Polovragi, deschis \u00een cadrul proiectului \u201cCCSI \u2013 Model de interven\u021bie \u00een procesul de incluziune \u0219i abilitare a romilor&#8221; (www.servicii-integrate.ro), un proiect derulat de Centrul Romilor pentru Politici de S\u0103n\u0103tate \u2013 SASTIPEN, \u00eempreun\u0103 cu Institutul pentru Politici Publice (IPP), ActiveWatch, Prim\u0103ria Comunei Polovragi (jude\u021bul Gorj), Prim\u0103ria Comunei Hamcearca \u0219i Prim\u0103ria Comunei Ciucurova (jude\u021bul Tulcea).&nbsp;<\/p>\n<p>\u00cen cadrul centrului, membrii comunit\u0103\u021bii vor beneficia de:<\/p>\n<ul>\n<li>Primary medical services (primary consultations, screening campaigns for risk factors or diseases with a high frequency of occurrence)<\/li>\n<li>Tracking and enrolling both pregnant women and newborns on family doctor lists<\/li>\n<li>Information, counseling and mediation activities on the labor market<\/li>\n<li>Legal assistance for obtaining identity documents and for clarifying the housing situation<\/li>\n<li>Assistance to stimulate \/ prevent early school leaving and increase access to education<\/li>\n<\/ul>\n<p>The innovation of this project is the synergy between the expertise and resources of each partner, thus contributing to increasing social inclusion and empowerment of Roma, correlated with strategic documents aimed at promoting balanced development and social cohesion, both locally and nationally.<\/p>\n<p>&#8220;Aici, parteneri suntem cu to\u021bii &#8211; cet\u0103\u021beni, angaja\u021bi de la Prim\u0103rie \u0219i organiza\u0219iile neguvernamentale care promoveaz\u0103 acest proiect&#8221; a declarat dl. Gheorghe Epure, primarul comunei Polovragi, pun\u00e2nd accentul pe punct forte al acestui proiect &#8211; parteneriatul. At\u00e2t \u00eentre comunitate \u0219i cei care ofer\u0103 servicii, c\u00e2t \u0219i parteneriatul public-privat care permite crearea unor modele sustenabile de interven\u021bie \u0219i incluziune. Astfel, colaborarea cu Prim\u0103ria Comunei Polovragi, Prim\u0103ria Comunei Hamcearca \u0219i Prim\u0103ria Comunei Ciucurova va asigura continuitatea acestui proiect \u0219i va face trecerea c\u0103tre integrarea acestui tip de interven\u021bie \u00een via\u021ba de zi cu zi a comunelor.<\/p>","protected":false},"excerpt":{"rendered":"<p>\u00cen data de 8 iunie s-a lansat Centrul Comunitar de Servicii Integrate Polovragi<\/p>","protected":false},"author":1,"featured_media":2363,"comment_status":"open","ping_status":"open","sticky":false,"template":"","format":"standard","meta":{"_acf_changed":false,"footnotes":""},"categories":[58],"tags":[],"class_list":["post-2358","post","type-post","status-publish","format-standard","has-post-thumbnail","hentry","category-comunicate"],"acf":[],"_links":{"self":[{"href":"https:\/\/servicii-integrate.ro\/en\/wp-json\/wp\/v2\/posts\/2358","targetHints":{"allow":["GET"]}}],"collection":[{"href":"https:\/\/servicii-integrate.ro\/en\/wp-json\/wp\/v2\/posts"}],"about":[{"href":"https:\/\/servicii-integrate.ro\/en\/wp-json\/wp\/v2\/types\/post"}],"author":[{"embeddable":true,"href":"https:\/\/servicii-integrate.ro\/en\/wp-json\/wp\/v2\/users\/1"}],"replies":[{"embeddable":true,"href":"https:\/\/servicii-integrate.ro\/en\/wp-json\/wp\/v2\/comments?post=2358"}],"version-history":[{"count":8,"href":"https:\/\/servicii-integrate.ro\/en\/wp-json\/wp\/v2\/posts\/2358\/revisions"}],"predecessor-version":[{"id":2367,"href":"https:\/\/servicii-integrate.ro\/en\/wp-json\/wp\/v2\/posts\/2358\/revisions\/2367"}],"wp:featuredmedia":[{"embeddable":true,"href":"https:\/\/servicii-integrate.ro\/en\/wp-json\/wp\/v2\/media\/2363"}],"wp:attachment":[{"href":"https:\/\/servicii-integrate.ro\/en\/wp-json\/wp\/v2\/media?parent=2358"}],"wp:term":[{"taxonomy":"category","embeddable":true,"href":"https:\/\/servicii-integrate.ro\/en\/wp-json\/wp\/v2\/categories?post=2358"},{"taxonomy":"post_tag","embeddable":true,"href":"https:\/\/servicii-integrate.ro\/en\/wp-json\/wp\/v2\/tags?post=2358"}],"curies":[{"name":"wp","href":"https:\/\/api.w.org\/{rel}","templated":true}]}}