{"id":2326,"date":"2021-05-31T13:23:31","date_gmt":"2021-05-31T13:23:31","guid":{"rendered":"https:\/\/servicii-integrate.ro\/?p=2326"},"modified":"2023-04-06T07:24:31","modified_gmt":"2023-04-06T07:24:31","slug":"angajam-expert-campanii-anti-discriminare","status":"publish","type":"post","link":"https:\/\/servicii-integrate.ro\/en\/angajam-expert-campanii-anti-discriminare\/","title":{"rendered":"Angaj\u0103m expert campanii anti-discriminare\u200b"},"content":{"rendered":"<div data-elementor-type=\"wp-post\" data-elementor-id=\"2326\" class=\"elementor elementor-2326\">\n\t\t\t\t\t\t\t\t\t<section class=\"elementor-section elementor-top-section elementor-element elementor-element-8e0f709 elementor-section-boxed elementor-section-height-default elementor-section-height-default\" data-id=\"8e0f709\" data-element_type=\"section\" data-settings=\"{&quot;jet_parallax_layout_list&quot;:[{&quot;jet_parallax_layout_image&quot;:{&quot;url&quot;:&quot;&quot;,&quot;id&quot;:&quot;&quot;,&quot;size&quot;:&quot;&quot;},&quot;_id&quot;:&quot;f143338&quot;,&quot;jet_parallax_layout_speed&quot;:{&quot;unit&quot;:&quot;%&quot;,&quot;size&quot;:&quot;50&quot;,&quot;sizes&quot;:[]},&quot;jet_parallax_layout_bg_x&quot;:&quot;50&quot;,&quot;jet_parallax_layout_bg_y&quot;:&quot;50&quot;,&quot;jet_parallax_layout_image_tablet&quot;:{&quot;url&quot;:&quot;&quot;,&quot;id&quot;:&quot;&quot;,&quot;size&quot;:&quot;&quot;},&quot;jet_parallax_layout_image_mobile&quot;:{&quot;url&quot;:&quot;&quot;,&quot;id&quot;:&quot;&quot;,&quot;size&quot;:&quot;&quot;},&quot;jet_parallax_layout_type&quot;:&quot;scroll&quot;,&quot;jet_parallax_layout_direction&quot;:null,&quot;jet_parallax_layout_fx_direction&quot;:null,&quot;jet_parallax_layout_z_index&quot;:&quot;&quot;,&quot;jet_parallax_layout_bg_x_tablet&quot;:&quot;&quot;,&quot;jet_parallax_layout_bg_x_mobile&quot;:&quot;&quot;,&quot;jet_parallax_layout_bg_y_tablet&quot;:&quot;&quot;,&quot;jet_parallax_layout_bg_y_mobile&quot;:&quot;&quot;,&quot;jet_parallax_layout_bg_size&quot;:&quot;auto&quot;,&quot;jet_parallax_layout_bg_size_tablet&quot;:&quot;&quot;,&quot;jet_parallax_layout_bg_size_mobile&quot;:&quot;&quot;,&quot;jet_parallax_layout_animation_prop&quot;:&quot;transform&quot;,&quot;jet_parallax_layout_on&quot;:[&quot;desktop&quot;,&quot;tablet&quot;]}]}\">\n\t\t\t\t\t\t<div class=\"elementor-container elementor-column-gap-no\">\n\t\t\t\t\t<div class=\"elementor-column elementor-col-100 elementor-top-column elementor-element elementor-element-f4e7f11\" data-id=\"f4e7f11\" data-element_type=\"column\">\n\t\t\t<div class=\"elementor-widget-wrap elementor-element-populated\">\n\t\t\t\t\t\t\t\t<div class=\"elementor-element elementor-element-4532ae8 elementor-widget elementor-widget-heading\" data-id=\"4532ae8\" data-element_type=\"widget\" data-widget_type=\"heading.default\">\n\t\t\t\t<div class=\"elementor-widget-container\">\n\t\t\t<h1 class=\"elementor-heading-title elementor-size-default\">Angaj\u0103m expert campanii anti-discriminare<\/h1>\t\t<\/div>\n\t\t\t\t<\/div>\n\t\t\t\t<div class=\"elementor-element elementor-element-edefeab elementor-widget elementor-widget-text-editor\" data-id=\"edefeab\" data-element_type=\"widget\" data-widget_type=\"text-editor.default\">\n\t\t\t\t<div class=\"elementor-widget-container\">\n\t\t\t\t\t\t\t<p>C\u0103ut\u0103m o persoan\u0103 cu experien\u021b\u0103 \u00een campanii de comunicare cu focus pe nondiscriminare care s\u0103 ni se al\u0103ture \u00een urm\u0103torul an \u0219i jum\u0103tate \u00een construirea \u0219i implementarea unor campanii antidiscriminare \u0219i de promovare a dialogului intercultural \u00een trei localit\u0103\u021bi din Gorj \u0219i Tulcea.<\/p><p>Postul presupune o norm\u0103 de lucru de 4h\/zi \u0219i disponibilitate pentru deplasare ocazional\u0103 \u00een jude\u021bele Gorj \u0219i Tulcea. Condi\u021biile minime pentru a putea face parte din echipa de proiect sunt:<\/p><ul><li>studii superioare<\/li><li>experien\u021b\u0103 demonstrabil\u0103 de minim 3 ani \u00een implementarea de proiecte \u00een domeniul multiculturalit\u0103\u021bii \u0219i \u00een domeniul comunic\u0103rii.<\/li><\/ul><p>Trimite-ne un email pe adresa larisa@activewatch.ro p\u00e2n\u0103 pe <strong>6 iunie 2021<\/strong>, care s\u0103 con\u021bin\u0103 CV-ul t\u0103u actualizat \u0219i c\u00e2teva cuvinte despre de ce ai ales s\u0103 aplici pentru fi al\u0103turi de ActiveWatch \u00een realizarea de campanii antidiscriminare.<\/p>\t\t\t\t\t\t<\/div>\n\t\t\t\t<\/div>\n\t\t\t\t<div class=\"elementor-element elementor-element-60a06d1 elementor-widget elementor-widget-text-editor\" data-id=\"60a06d1\" data-element_type=\"widget\" data-widget_type=\"text-editor.default\">\n\t\t\t\t<div class=\"elementor-widget-container\">\n\t\t\t\t\t\t\t<p>Mai multe detalii despre ce presupune acest post g\u0103se\u0219ti \u00een <a href=\"https:\/\/servicii-integrate.ro\/wp-content\/uploads\/2021\/05\/fisa_post_expert_campanii_antidiscriminare.docx\">fi\u0219a postului<\/a>.<\/p>\t\t\t\t\t\t<\/div>\n\t\t\t\t<\/div>\n\t\t\t\t<div class=\"elementor-element elementor-element-13d1c20 elementor-widget elementor-widget-text-editor\" data-id=\"13d1c20\" data-element_type=\"widget\" data-widget_type=\"text-editor.default\">\n\t\t\t\t<div class=\"elementor-widget-container\">\n\t\t\t\t\t\t\t\t\t\t\t\t\t<\/div>\n\t\t\t\t<\/div>\n\t\t\t\t<div class=\"elementor-element elementor-element-126238a elementor-widget elementor-widget-raven-divider\" data-id=\"126238a\" data-element_type=\"widget\" data-widget_type=\"raven-divider.default\">\n\t\t\t\t<div class=\"elementor-widget-container\">\n\t\t\t\t\t<div class=\"raven-widget-wrapper\">\n\t\t\t<div class=\"raven-divider\">\n\t\t\t\t<span class=\"raven-divider-line raven-divider-solid\"><\/span>\n\t\t\t<\/div>\n\t\t<\/div>\n\t\t\t\t<\/div>\n\t\t\t\t<\/div>\n\t\t\t\t<div class=\"elementor-element elementor-element-ddca8fc elementor-widget elementor-widget-raven-post-meta\" data-id=\"ddca8fc\" data-element_type=\"widget\" data-widget_type=\"raven-post-meta.default\">\n\t\t\t\t<div class=\"elementor-widget-container\">\n\t\t\t\t\t<ul class=\"raven-inline-items raven-icon-list-items raven-post-meta\">\n\t\t\t\t\t<li class=\"raven-icon-list-item elementor-repeater-item-6ada674 raven-inline-item\" itemprop=\"about\">\n\t\t\t\t\t\t\t\t\t\t\t\t\t<span class=\"raven-icon-list-text raven-post-meta-item raven-post-meta-item-type-terms raven-terms-list\">\n\t\t\t\t\t\t\t\t\t\t<span class=\"raven-post-meta-terms-list\">\n\t\t\t\t<a href=\"https:\/\/servicii-integrate.ro\/en\/tag\/angajari\/\" class=\"raven-post-meta-terms-list-item\">Angaj\u0103ri<\/a>, <a href=\"https:\/\/servicii-integrate.ro\/en\/tag\/centre\/\" class=\"raven-post-meta-terms-list-item\">Centre<\/a>\t\t\t\t<\/span>\n\t\t\t\t\t<\/span>\n\t\t\t\t\t\t\t\t<\/li>\n\t\t\t\t<\/ul>\n\t\t\t\t<\/div>\n\t\t\t\t<\/div>\n\t\t\t\t\t<\/div>\n\t\t<\/div>\n\t\t\t\t\t\t\t<\/div>\n\t\t<\/section>\n\t\t\t\t\t\t\t<\/div>","protected":false},"excerpt":{"rendered":"<p>C\u0103ut\u0103m o persoan\u0103 cu experien\u021b\u0103 \u00een campanii de comunicare cu focus pe nondiscriminare care s\u0103 ni se al\u0103ture \u00een urm\u0103torul an \u0219i jum\u0103tate \u00een construirea \u0219i implementarea unor campanii antidiscriminare \u0219i de promovare a dialogului intercultural \u00een trei localit\u0103\u021bi din Gorj \u0219i Tulcea.<\/p>","protected":false},"author":1,"featured_media":1794,"comment_status":"closed","ping_status":"closed","sticky":false,"template":"","format":"standard","meta":{"_acf_changed":false,"footnotes":""},"categories":[58],"tags":[51,50],"class_list":["post-2326","post","type-post","status-publish","format-standard","has-post-thumbnail","hentry","category-comunicate","tag-angajari","tag-centre"],"acf":[],"_links":{"self":[{"href":"https:\/\/servicii-integrate.ro\/en\/wp-json\/wp\/v2\/posts\/2326","targetHints":{"allow":["GET"]}}],"collection":[{"href":"https:\/\/servicii-integrate.ro\/en\/wp-json\/wp\/v2\/posts"}],"about":[{"href":"https:\/\/servicii-integrate.ro\/en\/wp-json\/wp\/v2\/types\/post"}],"author":[{"embeddable":true,"href":"https:\/\/servicii-integrate.ro\/en\/wp-json\/wp\/v2\/users\/1"}],"replies":[{"embeddable":true,"href":"https:\/\/servicii-integrate.ro\/en\/wp-json\/wp\/v2\/comments?post=2326"}],"version-history":[{"count":7,"href":"https:\/\/servicii-integrate.ro\/en\/wp-json\/wp\/v2\/posts\/2326\/revisions"}],"predecessor-version":[{"id":2334,"href":"https:\/\/servicii-integrate.ro\/en\/wp-json\/wp\/v2\/posts\/2326\/revisions\/2334"}],"wp:featuredmedia":[{"embeddable":true,"href":"https:\/\/servicii-integrate.ro\/en\/wp-json\/wp\/v2\/media\/1794"}],"wp:attachment":[{"href":"https:\/\/servicii-integrate.ro\/en\/wp-json\/wp\/v2\/media?parent=2326"}],"wp:term":[{"taxonomy":"category","embeddable":true,"href":"https:\/\/servicii-integrate.ro\/en\/wp-json\/wp\/v2\/categories?post=2326"},{"taxonomy":"post_tag","embeddable":true,"href":"https:\/\/servicii-integrate.ro\/en\/wp-json\/wp\/v2\/tags?post=2326"}],"curies":[{"name":"wp","href":"https:\/\/api.w.org\/{rel}","templated":true}]}}