{"id":2168,"date":"2021-03-11T09:35:00","date_gmt":"2021-03-11T09:35:00","guid":{"rendered":"https:\/\/servicii-integrate.ro\/?p=2168"},"modified":"2023-04-06T07:24:36","modified_gmt":"2023-04-06T07:24:36","slug":"24-de-posturi-libere-in-centre-comunitare-din-judetele-tulcea-si-gorj-2","status":"publish","type":"post","link":"https:\/\/servicii-integrate.ro\/en\/24-de-posturi-libere-in-centre-comunitare-din-judetele-tulcea-si-gorj-2\/","title":{"rendered":"24 de posturi libere \u00een centre comunitare din jude\u021bele Tulcea \u0219i Gorj"},"content":{"rendered":"<div data-elementor-type=\"wp-post\" data-elementor-id=\"2168\" class=\"elementor elementor-2168\">\n\t\t\t\t\t\t\t\t\t<section class=\"elementor-section elementor-top-section elementor-element elementor-element-8e0f709 elementor-section-boxed elementor-section-height-default elementor-section-height-default\" data-id=\"8e0f709\" data-element_type=\"section\" data-settings=\"{&quot;jet_parallax_layout_list&quot;:[{&quot;jet_parallax_layout_image&quot;:{&quot;url&quot;:&quot;&quot;,&quot;id&quot;:&quot;&quot;,&quot;size&quot;:&quot;&quot;},&quot;_id&quot;:&quot;f143338&quot;,&quot;jet_parallax_layout_speed&quot;:{&quot;unit&quot;:&quot;%&quot;,&quot;size&quot;:&quot;50&quot;,&quot;sizes&quot;:[]},&quot;jet_parallax_layout_bg_x&quot;:&quot;50&quot;,&quot;jet_parallax_layout_bg_y&quot;:&quot;50&quot;,&quot;jet_parallax_layout_image_tablet&quot;:{&quot;url&quot;:&quot;&quot;,&quot;id&quot;:&quot;&quot;,&quot;size&quot;:&quot;&quot;},&quot;jet_parallax_layout_image_mobile&quot;:{&quot;url&quot;:&quot;&quot;,&quot;id&quot;:&quot;&quot;,&quot;size&quot;:&quot;&quot;},&quot;jet_parallax_layout_type&quot;:&quot;scroll&quot;,&quot;jet_parallax_layout_direction&quot;:null,&quot;jet_parallax_layout_fx_direction&quot;:null,&quot;jet_parallax_layout_z_index&quot;:&quot;&quot;,&quot;jet_parallax_layout_bg_x_tablet&quot;:&quot;&quot;,&quot;jet_parallax_layout_bg_x_mobile&quot;:&quot;&quot;,&quot;jet_parallax_layout_bg_y_tablet&quot;:&quot;&quot;,&quot;jet_parallax_layout_bg_y_mobile&quot;:&quot;&quot;,&quot;jet_parallax_layout_bg_size&quot;:&quot;auto&quot;,&quot;jet_parallax_layout_bg_size_tablet&quot;:&quot;&quot;,&quot;jet_parallax_layout_bg_size_mobile&quot;:&quot;&quot;,&quot;jet_parallax_layout_animation_prop&quot;:&quot;transform&quot;,&quot;jet_parallax_layout_on&quot;:[&quot;desktop&quot;,&quot;tablet&quot;]}]}\">\n\t\t\t\t\t\t<div class=\"elementor-container elementor-column-gap-no\">\n\t\t\t\t\t<div class=\"elementor-column elementor-col-100 elementor-top-column elementor-element elementor-element-f4e7f11\" data-id=\"f4e7f11\" data-element_type=\"column\">\n\t\t\t<div class=\"elementor-widget-wrap elementor-element-populated\">\n\t\t\t\t\t\t\t\t<div class=\"elementor-element elementor-element-4532ae8 elementor-widget elementor-widget-heading\" data-id=\"4532ae8\" data-element_type=\"widget\" data-widget_type=\"heading.default\">\n\t\t\t\t<div class=\"elementor-widget-container\">\n\t\t\t<h1 class=\"elementor-heading-title elementor-size-default\">24 de posturi libere \u00een centre comunitare din jude\u021bele Tulcea \u0219i Gorj<\/h1>\t\t<\/div>\n\t\t\t\t<\/div>\n\t\t\t\t<div class=\"elementor-element elementor-element-edefeab elementor-widget elementor-widget-text-editor\" data-id=\"edefeab\" data-element_type=\"widget\" data-widget_type=\"text-editor.default\">\n\t\t\t\t<div class=\"elementor-widget-container\">\n\t\t\t\t\t\t\t<p style=\"text-align: justify;\">Centrul Romilor pentru Politici de S\u0103n\u0103tate \u2013 SASTIPEN, continu\u0103 \u00een perioada 11 martie \u2013 18 martie 2021, selec\u021bia a 24 exper\u021bi care s\u0103 activeze la nivel local, \u00een vederea implement\u0103rii proiectului \u201eCCSI \u2013Model de interven\u021bie \u00een procesul de incluziune \u0219i abilitare a romilor \u201d implementat \u00een parteneriat cu Institutul pentru Politici Publice (IPP), Asocia\u021bia ActiveWatch, Prim\u0103ria Comunei Polovragi (jude\u021bul Gorj), Prim\u0103ria Comunei Hamcearca \u0219i Prim\u0103ria Comunei Ciucurova (jude\u021bul Tulcea).<\/p>\t\t\t\t\t\t<\/div>\n\t\t\t\t<\/div>\n\t\t\t\t<div class=\"elementor-element elementor-element-60a06d1 elementor-widget elementor-widget-text-editor\" data-id=\"60a06d1\" data-element_type=\"widget\" data-widget_type=\"text-editor.default\">\n\t\t\t\t<div class=\"elementor-widget-container\">\n\t\t\t\t\t\t\t<p style=\"text-align: justify;\">Astfel, \u00een fiecare dintre cele trei comune (Polovragi &#8211; jude\u021bul Gorj, Hamcearca &#8211; jude\u021bul Tulcea, Ciucurova &#8211; jude\u021bul Tulcea) se caut\u0103 persoane care s\u0103 ocupe urm\u0103toarele posturi:<\/p>\t\t\t\t\t\t<\/div>\n\t\t\t\t<\/div>\n\t\t\t\t<div class=\"elementor-element elementor-element-34e1353 elementor-widget elementor-widget-heading\" data-id=\"34e1353\" data-element_type=\"widget\" data-widget_type=\"heading.default\">\n\t\t\t\t<div class=\"elementor-widget-container\">\n\t\t\t<h4 class=\"elementor-heading-title elementor-size-small\">1 Coordonator Centru Comunitar de Servicii Integrate<\/h4>\t\t<\/div>\n\t\t\t\t<\/div>\n\t\t\t\t<div class=\"elementor-element elementor-element-896f571 elementor-widget elementor-widget-heading\" data-id=\"896f571\" data-element_type=\"widget\" data-widget_type=\"heading.default\">\n\t\t\t\t<div class=\"elementor-widget-container\">\n\t\t\t<h4 class=\"elementor-heading-title elementor-size-small\">\n1 Expert ocupare \n<\/h4>\t\t<\/div>\n\t\t\t\t<\/div>\n\t\t\t\t<div class=\"elementor-element elementor-element-ac01318 elementor-widget elementor-widget-heading\" data-id=\"ac01318\" data-element_type=\"widget\" data-widget_type=\"heading.default\">\n\t\t\t\t<div class=\"elementor-widget-container\">\n\t\t\t<h4 class=\"elementor-heading-title elementor-size-small\">\n1 Medic \n<\/h4>\t\t<\/div>\n\t\t\t\t<\/div>\n\t\t\t\t<div class=\"elementor-element elementor-element-63f7836 elementor-widget elementor-widget-heading\" data-id=\"63f7836\" data-element_type=\"widget\" data-widget_type=\"heading.default\">\n\t\t\t\t<div class=\"elementor-widget-container\">\n\t\t\t<h4 class=\"elementor-heading-title elementor-size-small\">\n1 Mediator \u0219colar \n<\/h4>\t\t<\/div>\n\t\t\t\t<\/div>\n\t\t\t\t<div class=\"elementor-element elementor-element-939427d elementor-widget elementor-widget-heading\" data-id=\"939427d\" data-element_type=\"widget\" data-widget_type=\"heading.default\">\n\t\t\t\t<div class=\"elementor-widget-container\">\n\t\t\t<h4 class=\"elementor-heading-title elementor-size-small\">\n1 Asistent medical comunitar \n<\/h4>\t\t<\/div>\n\t\t\t\t<\/div>\n\t\t\t\t<div class=\"elementor-element elementor-element-7342ba5 elementor-widget elementor-widget-heading\" data-id=\"7342ba5\" data-element_type=\"widget\" data-widget_type=\"heading.default\">\n\t\t\t\t<div class=\"elementor-widget-container\">\n\t\t\t<h4 class=\"elementor-heading-title elementor-size-small\">\n1 Mediator sanitar \n<\/h4>\t\t<\/div>\n\t\t\t\t<\/div>\n\t\t\t\t<div class=\"elementor-element elementor-element-51489e4 elementor-widget elementor-widget-heading\" data-id=\"51489e4\" data-element_type=\"widget\" data-widget_type=\"heading.default\">\n\t\t\t\t<div class=\"elementor-widget-container\">\n\t\t\t<h4 class=\"elementor-heading-title elementor-size-small\">\n1 Facilitator comunitar \n<\/h4>\t\t<\/div>\n\t\t\t\t<\/div>\n\t\t\t\t<div class=\"elementor-element elementor-element-03fce00 elementor-widget elementor-widget-heading\" data-id=\"03fce00\" data-element_type=\"widget\" data-widget_type=\"heading.default\">\n\t\t\t\t<div class=\"elementor-widget-container\">\n\t\t\t<h4 class=\"elementor-heading-title elementor-size-small\">\n1 Jurist<\/h4>\t\t<\/div>\n\t\t\t\t<\/div>\n\t\t\t\t<div class=\"elementor-element elementor-element-13d1c20 elementor-widget elementor-widget-text-editor\" data-id=\"13d1c20\" data-element_type=\"widget\" data-widget_type=\"text-editor.default\">\n\t\t\t\t<div class=\"elementor-widget-container\">\n\t\t\t\t\t\t\t<p style=\"text-align: justify;\">Detaliile legate de cerin\u021bele fiec\u0103rui post se g\u0103sesc aici:<\/p>\n<a href=\"https:\/\/www.stiri.ong\/anunturi-ale-organizatiilor\/angajari\/24-de-posturi-libere-in-centre-comunitare-din-judetele-tulcea-si-gorj\">Anun\u021b angajare \u0219tiri.ong<\/a>\t\t\t\t\t\t<\/div>\n\t\t\t\t<\/div>\n\t\t\t\t<div class=\"elementor-element elementor-element-126238a elementor-widget elementor-widget-raven-divider\" data-id=\"126238a\" data-element_type=\"widget\" data-widget_type=\"raven-divider.default\">\n\t\t\t\t<div class=\"elementor-widget-container\">\n\t\t\t\t\t<div class=\"raven-widget-wrapper\">\n\t\t\t<div class=\"raven-divider\">\n\t\t\t\t<span class=\"raven-divider-line raven-divider-solid\"><\/span>\n\t\t\t<\/div>\n\t\t<\/div>\n\t\t\t\t<\/div>\n\t\t\t\t<\/div>\n\t\t\t\t<div class=\"elementor-element elementor-element-ddca8fc elementor-widget elementor-widget-raven-post-meta\" data-id=\"ddca8fc\" data-element_type=\"widget\" data-widget_type=\"raven-post-meta.default\">\n\t\t\t\t<div class=\"elementor-widget-container\">\n\t\t\t\t\t<ul class=\"raven-inline-items raven-icon-list-items raven-post-meta\">\n\t\t\t\t\t<li class=\"raven-icon-list-item elementor-repeater-item-6ada674 raven-inline-item\" itemprop=\"about\">\n\t\t\t\t\t\t\t\t\t\t\t\t\t<span class=\"raven-icon-list-text raven-post-meta-item raven-post-meta-item-type-terms raven-terms-list\">\n\t\t\t\t\t\t\t\t\t\t<span class=\"raven-post-meta-terms-list\">\n\t\t\t\t<a href=\"https:\/\/servicii-integrate.ro\/en\/tag\/angajari\/\" class=\"raven-post-meta-terms-list-item\">Angaj\u0103ri<\/a>, <a href=\"https:\/\/servicii-integrate.ro\/en\/tag\/centre\/\" class=\"raven-post-meta-terms-list-item\">Centre<\/a>\t\t\t\t<\/span>\n\t\t\t\t\t<\/span>\n\t\t\t\t\t\t\t\t<\/li>\n\t\t\t\t<\/ul>\n\t\t\t\t<\/div>\n\t\t\t\t<\/div>\n\t\t\t\t\t<\/div>\n\t\t<\/div>\n\t\t\t\t\t\t\t<\/div>\n\t\t<\/section>\n\t\t\t\t\t\t\t<\/div>","protected":false},"excerpt":{"rendered":"<p>Centrul Romilor pentru Politici de S\u0103n\u0103tate \u2013 SASTIPEN, continu\u0103 \u00een perioada 11 martie \u2013 18 martie 2021, selec\u021bia a 24 exper\u021bi care s\u0103 activeze la nivel local, \u00een vederea implement\u0103rii proiectului \u201eCCSI \u2013Model de interven\u021bie \u00een procesul de incluziune \u0219i abilitare a romilor\u201d.<\/p>","protected":false},"author":1,"featured_media":1549,"comment_status":"closed","ping_status":"closed","sticky":false,"template":"","format":"standard","meta":{"_acf_changed":false,"footnotes":""},"categories":[58],"tags":[51,50],"class_list":["post-2168","post","type-post","status-publish","format-standard","has-post-thumbnail","hentry","category-comunicate","tag-angajari","tag-centre"],"acf":[],"_links":{"self":[{"href":"https:\/\/servicii-integrate.ro\/en\/wp-json\/wp\/v2\/posts\/2168","targetHints":{"allow":["GET"]}}],"collection":[{"href":"https:\/\/servicii-integrate.ro\/en\/wp-json\/wp\/v2\/posts"}],"about":[{"href":"https:\/\/servicii-integrate.ro\/en\/wp-json\/wp\/v2\/types\/post"}],"author":[{"embeddable":true,"href":"https:\/\/servicii-integrate.ro\/en\/wp-json\/wp\/v2\/users\/1"}],"replies":[{"embeddable":true,"href":"https:\/\/servicii-integrate.ro\/en\/wp-json\/wp\/v2\/comments?post=2168"}],"version-history":[{"count":6,"href":"https:\/\/servicii-integrate.ro\/en\/wp-json\/wp\/v2\/posts\/2168\/revisions"}],"predecessor-version":[{"id":2175,"href":"https:\/\/servicii-integrate.ro\/en\/wp-json\/wp\/v2\/posts\/2168\/revisions\/2175"}],"wp:featuredmedia":[{"embeddable":true,"href":"https:\/\/servicii-integrate.ro\/en\/wp-json\/wp\/v2\/media\/1549"}],"wp:attachment":[{"href":"https:\/\/servicii-integrate.ro\/en\/wp-json\/wp\/v2\/media?parent=2168"}],"wp:term":[{"taxonomy":"category","embeddable":true,"href":"https:\/\/servicii-integrate.ro\/en\/wp-json\/wp\/v2\/categories?post=2168"},{"taxonomy":"post_tag","embeddable":true,"href":"https:\/\/servicii-integrate.ro\/en\/wp-json\/wp\/v2\/tags?post=2168"}],"curies":[{"name":"wp","href":"https:\/\/api.w.org\/{rel}","templated":true}]}}